{"id":20960,"date":"2023-08-01T14:26:13","date_gmt":"2023-08-01T11:26:13","guid":{"rendered":"https:\/\/timberelement.se\/?p=20960"},"modified":"2024-01-11T17:21:36","modified_gmt":"2024-01-11T15:21:36","slug":"hvor-lange-er-produksjonsfristene-for-vare-ferdighus","status":"publish","type":"post","link":"https:\/\/timberelement.se\/no\/uncategorized-no\/hvor-lange-er-produksjonsfristene-for-vare-ferdighus\/","title":{"rendered":"Hvor lange er produksjonsfristene for v\u00e5re ferdighus?"},"content":{"rendered":"\n<p>V\u00e5r produksjonstidslinje bestemmes av f\u00f8lgende produksjonsfaser:<\/p>\n\n\n\n<p>Tekniske beregninger og design<br>Avhengig av kompleksiteten og arbeidsbelastningen til den planlagte konstruksjonen, kan beregnings- og prosjekteringsfasen vare fra noen dager opp til en m\u00e5ned (for 1-2 etasjers bygninger opp til 250 m2). Kostnadene for beregning og prosjektforberedelse er vanligvis inkludert i prisen p\u00e5 sluttproduktet v\u00e5rt, s\u00e5 det er ikke n\u00f8dvendig \u00e5 betale separat for disse tjenestene. Dersom byggherren krever ytterligere styrkeberegninger for v\u00e5re konstruksjoner, leveres disse som en ekstra service av ingeni\u00f8rer fra v\u00e5re partnerbedrifter.<\/p>\n\n\n\n<p>Bestilling og levering av materialer til fabrikken v\u00e5r<br>Gjenstander som t\u00f8mmer, mineralull og gipsplater er faste utgifter, og vi har alltid et n\u00f8dvendig lager av disse materialene, slik at vi kan starte innramming umiddelbart ved behov. Bestilling av andre materialer og varer kan ta 4-5 uker:<\/p>\n\n\n\n<p>Limlaminerte bjelker (avhengig av st\u00f8rrelse og mengde): 4-5 uker<br>Vinduer og d\u00f8rer i tre og aluminium: 2-5 uker<br>Plastvinduer og balkong\/terrassed\u00f8rer: 2-4 uker<br>Takplater: opptil 2 uker<br>Leveringstidene for ulike produkter varierer avhengig av produsentens leveringspolicy.<\/p>\n\n\n\n<p>Produksjon av elementer<br>Produksjonen av elementer starter s\u00e5 snart de n\u00f8dvendige tekniske tegningene for elementene er ferdige, forutsatt at n\u00f8dvendige materialer er tilgjengelige i tilstrekkelige mengder. Produksjonstiden for bygningselementer avhenger av faktorer som behovet for montering av utvendig kledning (inkludert grunning og maling), n\u00f8dvendigheten av \u00e5 montere plastr\u00f8r og stikkontakter for el-anlegg (avhengig av elektroprosjektet), behovet for montering av innvendige veggbekledninger, etc.<\/p>\n\n\n\n<p>Vanligvis tar det ikke mer enn 2 uker \u00e5 produsere et komplett sett for et hus p\u00e5 ca. 150m2, som legges til installasjon av vinduer etter ankomst (2-3 dager). Ytterd\u00f8rer monteres alltid p\u00e5 stedet.<\/p>\n","protected":false},"excerpt":{"rendered":"<p>V\u00e5r produksjonstidslinje bestemmes av f\u00f8lgende produksjonsfaser: Tekniske beregninger og designAvhengig av kompleksiteten og arbeidsbelastningen til den planlagte konstruksjonen, kan beregnings- og prosjekteringsfasen vare fra noen dager opp til en m\u00e5ned (for 1-2 etasjers bygninger opp til 250 m2). Kostnadene for beregning og prosjektforberedelse er vanligvis inkludert i prisen p\u00e5 sluttproduktet v\u00e5rt, s\u00e5 det er ikke [&hellip;]<\/p>\n","protected":false},"author":4,"featured_media":18089,"comment_status":"closed","ping_status":"closed","sticky":false,"template":"","format":"standard","meta":{"footnotes":""},"categories":[1146],"tags":[],"class_list":["post-20960","post","type-post","status-publish","format-standard","has-post-thumbnail","hentry","category-uncategorized-no"],"acf":[],"yoast_head":"<!-- This site is optimized with the Yoast SEO plugin v23.8 - https:\/\/yoast.com\/wordpress\/plugins\/seo\/ -->\n<title>Hvor lange er produksjonsfristene for v\u00e5re ferdighus? | Timberelement<\/title>\n<meta name=\"robots\" content=\"index, follow, max-snippet:-1, max-image-preview:large, max-video-preview:-1\" \/>\n<link rel=\"canonical\" href=\"https:\/\/timberelement.se\/no\/uncategorized-no\/hvor-lange-er-produksjonsfristene-for-vare-ferdighus\/\" \/>\n<meta property=\"og:locale\" content=\"nb_NO\" \/>\n<meta property=\"og:type\" content=\"article\" \/>\n<meta property=\"og:title\" content=\"Hvor lange er produksjonsfristene for v\u00e5re ferdighus? | Timberelement\" \/>\n<meta property=\"og:description\" content=\"V\u00e5r produksjonstidslinje bestemmes av f\u00f8lgende produksjonsfaser: Tekniske beregninger og designAvhengig av kompleksiteten og arbeidsbelastningen til den planlagte konstruksjonen, kan beregnings- og prosjekteringsfasen vare fra noen dager opp til en m\u00e5ned (for 1-2 etasjers bygninger opp til 250 m2). Kostnadene for beregning og prosjektforberedelse er vanligvis inkludert i prisen p\u00e5 sluttproduktet v\u00e5rt, s\u00e5 det er ikke [&hellip;]\" \/>\n<meta property=\"og:url\" content=\"https:\/\/timberelement.se\/no\/uncategorized-no\/hvor-lange-er-produksjonsfristene-for-vare-ferdighus\/\" \/>\n<meta property=\"og:site_name\" content=\"Timberelement\" \/>\n<meta property=\"article:publisher\" content=\"https:\/\/www.facebook.com\/timberelement\" \/>\n<meta property=\"article:published_time\" content=\"2023-08-01T11:26:13+00:00\" \/>\n<meta property=\"article:modified_time\" content=\"2024-01-11T15:21:36+00:00\" \/>\n<meta property=\"og:image\" content=\"https:\/\/timberelement.se\/wp-content\/uploads\/2023\/06\/timberelement_maja-ja-terrass-.jpg\" \/>\n\t<meta property=\"og:image:width\" content=\"1400\" \/>\n\t<meta property=\"og:image:height\" content=\"844\" \/>\n\t<meta property=\"og:image:type\" content=\"image\/jpeg\" \/>\n<meta name=\"author\" content=\"Rando\" \/>\n<meta name=\"twitter:card\" content=\"summary_large_image\" \/>\n<meta name=\"twitter:label1\" content=\"Skrevet av\" \/>\n\t<meta name=\"twitter:data1\" content=\"Rando\" \/>\n\t<meta name=\"twitter:label2\" content=\"Ansl. lesetid\" \/>\n\t<meta name=\"twitter:data2\" content=\"2 minutter\" \/>\n<script type=\"application\/ld+json\" class=\"yoast-schema-graph\">{\"@context\":\"https:\/\/schema.org\",\"@graph\":[{\"@type\":\"Article\",\"@id\":\"https:\/\/timberelement.se\/no\/uncategorized-no\/hvor-lange-er-produksjonsfristene-for-vare-ferdighus\/#article\",\"isPartOf\":{\"@id\":\"https:\/\/timberelement.se\/no\/uncategorized-no\/hvor-lange-er-produksjonsfristene-for-vare-ferdighus\/\"},\"author\":{\"name\":\"Rando\",\"@id\":\"https:\/\/timberelement.se\/no\/#\/schema\/person\/fb0b24e8607834ffad8faf0e94dd95c5\"},\"headline\":\"Hvor lange er produksjonsfristene for v\u00e5re ferdighus?\",\"datePublished\":\"2023-08-01T11:26:13+00:00\",\"dateModified\":\"2024-01-11T15:21:36+00:00\",\"mainEntityOfPage\":{\"@id\":\"https:\/\/timberelement.se\/no\/uncategorized-no\/hvor-lange-er-produksjonsfristene-for-vare-ferdighus\/\"},\"wordCount\":275,\"publisher\":{\"@id\":\"https:\/\/timberelement.se\/no\/#organization\"},\"image\":{\"@id\":\"https:\/\/timberelement.se\/no\/uncategorized-no\/hvor-lange-er-produksjonsfristene-for-vare-ferdighus\/#primaryimage\"},\"thumbnailUrl\":\"https:\/\/timberelement.se\/wp-content\/uploads\/2023\/06\/timberelement_maja-ja-terrass-.jpg\",\"articleSection\":[\"Uncategorized @no\"],\"inLanguage\":\"nb-NO\"},{\"@type\":\"WebPage\",\"@id\":\"https:\/\/timberelement.se\/no\/uncategorized-no\/hvor-lange-er-produksjonsfristene-for-vare-ferdighus\/\",\"url\":\"https:\/\/timberelement.se\/no\/uncategorized-no\/hvor-lange-er-produksjonsfristene-for-vare-ferdighus\/\",\"name\":\"Hvor lange er produksjonsfristene for v\u00e5re ferdighus? | Timberelement\",\"isPartOf\":{\"@id\":\"https:\/\/timberelement.se\/no\/#website\"},\"primaryImageOfPage\":{\"@id\":\"https:\/\/timberelement.se\/no\/uncategorized-no\/hvor-lange-er-produksjonsfristene-for-vare-ferdighus\/#primaryimage\"},\"image\":{\"@id\":\"https:\/\/timberelement.se\/no\/uncategorized-no\/hvor-lange-er-produksjonsfristene-for-vare-ferdighus\/#primaryimage\"},\"thumbnailUrl\":\"https:\/\/timberelement.se\/wp-content\/uploads\/2023\/06\/timberelement_maja-ja-terrass-.jpg\",\"datePublished\":\"2023-08-01T11:26:13+00:00\",\"dateModified\":\"2024-01-11T15:21:36+00:00\",\"breadcrumb\":{\"@id\":\"https:\/\/timberelement.se\/no\/uncategorized-no\/hvor-lange-er-produksjonsfristene-for-vare-ferdighus\/#breadcrumb\"},\"inLanguage\":\"nb-NO\",\"potentialAction\":[{\"@type\":\"ReadAction\",\"target\":[\"https:\/\/timberelement.se\/no\/uncategorized-no\/hvor-lange-er-produksjonsfristene-for-vare-ferdighus\/\"]}]},{\"@type\":\"ImageObject\",\"inLanguage\":\"nb-NO\",\"@id\":\"https:\/\/timberelement.se\/no\/uncategorized-no\/hvor-lange-er-produksjonsfristene-for-vare-ferdighus\/#primaryimage\",\"url\":\"https:\/\/timberelement.se\/wp-content\/uploads\/2023\/06\/timberelement_maja-ja-terrass-.jpg\",\"contentUrl\":\"https:\/\/timberelement.se\/wp-content\/uploads\/2023\/06\/timberelement_maja-ja-terrass-.jpg\",\"width\":1400,\"height\":844},{\"@type\":\"BreadcrumbList\",\"@id\":\"https:\/\/timberelement.se\/no\/uncategorized-no\/hvor-lange-er-produksjonsfristene-for-vare-ferdighus\/#breadcrumb\",\"itemListElement\":[{\"@type\":\"ListItem\",\"position\":1,\"name\":\"Hjemmeside\",\"item\":\"https:\/\/timberelement.se\/no\/forsiden\/\"},{\"@type\":\"ListItem\",\"position\":2,\"name\":\"Hvor lange er produksjonsfristene for v\u00e5re ferdighus?\"}]},{\"@type\":\"WebSite\",\"@id\":\"https:\/\/timberelement.se\/no\/#website\",\"url\":\"https:\/\/timberelement.se\/no\/\",\"name\":\"Timberelement elementmajad\",\"description\":\"Eesti elementmajad\",\"publisher\":{\"@id\":\"https:\/\/timberelement.se\/no\/#organization\"},\"potentialAction\":[{\"@type\":\"SearchAction\",\"target\":{\"@type\":\"EntryPoint\",\"urlTemplate\":\"https:\/\/timberelement.se\/no\/?s={search_term_string}\"},\"query-input\":{\"@type\":\"PropertyValueSpecification\",\"valueRequired\":true,\"valueName\":\"search_term_string\"}}],\"inLanguage\":\"nb-NO\"},{\"@type\":\"Organization\",\"@id\":\"https:\/\/timberelement.se\/no\/#organization\",\"name\":\"Timberelement O\u00dc\",\"url\":\"https:\/\/timberelement.se\/no\/\",\"logo\":{\"@type\":\"ImageObject\",\"inLanguage\":\"nb-NO\",\"@id\":\"https:\/\/timberelement.se\/no\/#\/schema\/logo\/image\/\",\"url\":\"https:\/\/timberelement.se\/wp-content\/uploads\/2023\/06\/logo2018-1.png\",\"contentUrl\":\"https:\/\/timberelement.se\/wp-content\/uploads\/2023\/06\/logo2018-1.png\",\"width\":2972,\"height\":1126,\"caption\":\"Timberelement O\u00dc\"},\"image\":{\"@id\":\"https:\/\/timberelement.se\/no\/#\/schema\/logo\/image\/\"},\"sameAs\":[\"https:\/\/www.facebook.com\/timberelement\"]},{\"@type\":\"Person\",\"@id\":\"https:\/\/timberelement.se\/no\/#\/schema\/person\/fb0b24e8607834ffad8faf0e94dd95c5\",\"name\":\"Rando\",\"image\":{\"@type\":\"ImageObject\",\"inLanguage\":\"nb-NO\",\"@id\":\"https:\/\/timberelement.se\/no\/#\/schema\/person\/image\/\",\"url\":\"https:\/\/secure.gravatar.com\/avatar\/828aa83fdda156141921ca8b4190e3fa?s=96&d=mm&r=g\",\"contentUrl\":\"https:\/\/secure.gravatar.com\/avatar\/828aa83fdda156141921ca8b4190e3fa?s=96&d=mm&r=g\",\"caption\":\"Rando\"}}]}<\/script>\n<!-- \/ Yoast SEO plugin. -->","yoast_head_json":{"title":"Hvor lange er produksjonsfristene for v\u00e5re ferdighus? | Timberelement","robots":{"index":"index","follow":"follow","max-snippet":"max-snippet:-1","max-image-preview":"max-image-preview:large","max-video-preview":"max-video-preview:-1"},"canonical":"https:\/\/timberelement.se\/no\/uncategorized-no\/hvor-lange-er-produksjonsfristene-for-vare-ferdighus\/","og_locale":"nb_NO","og_type":"article","og_title":"Hvor lange er produksjonsfristene for v\u00e5re ferdighus? | Timberelement","og_description":"V\u00e5r produksjonstidslinje bestemmes av f\u00f8lgende produksjonsfaser: Tekniske beregninger og designAvhengig av kompleksiteten og arbeidsbelastningen til den planlagte konstruksjonen, kan beregnings- og prosjekteringsfasen vare fra noen dager opp til en m\u00e5ned (for 1-2 etasjers bygninger opp til 250 m2). Kostnadene for beregning og prosjektforberedelse er vanligvis inkludert i prisen p\u00e5 sluttproduktet v\u00e5rt, s\u00e5 det er ikke [&hellip;]","og_url":"https:\/\/timberelement.se\/no\/uncategorized-no\/hvor-lange-er-produksjonsfristene-for-vare-ferdighus\/","og_site_name":"Timberelement","article_publisher":"https:\/\/www.facebook.com\/timberelement","article_published_time":"2023-08-01T11:26:13+00:00","article_modified_time":"2024-01-11T15:21:36+00:00","og_image":[{"width":1400,"height":844,"url":"https:\/\/timberelement.se\/wp-content\/uploads\/2023\/06\/timberelement_maja-ja-terrass-.jpg","type":"image\/jpeg"}],"author":"Rando","twitter_card":"summary_large_image","twitter_misc":{"Skrevet av":"Rando","Ansl. lesetid":"2 minutter"},"schema":{"@context":"https:\/\/schema.org","@graph":[{"@type":"Article","@id":"https:\/\/timberelement.se\/no\/uncategorized-no\/hvor-lange-er-produksjonsfristene-for-vare-ferdighus\/#article","isPartOf":{"@id":"https:\/\/timberelement.se\/no\/uncategorized-no\/hvor-lange-er-produksjonsfristene-for-vare-ferdighus\/"},"author":{"name":"Rando","@id":"https:\/\/timberelement.se\/no\/#\/schema\/person\/fb0b24e8607834ffad8faf0e94dd95c5"},"headline":"Hvor lange er produksjonsfristene for v\u00e5re ferdighus?","datePublished":"2023-08-01T11:26:13+00:00","dateModified":"2024-01-11T15:21:36+00:00","mainEntityOfPage":{"@id":"https:\/\/timberelement.se\/no\/uncategorized-no\/hvor-lange-er-produksjonsfristene-for-vare-ferdighus\/"},"wordCount":275,"publisher":{"@id":"https:\/\/timberelement.se\/no\/#organization"},"image":{"@id":"https:\/\/timberelement.se\/no\/uncategorized-no\/hvor-lange-er-produksjonsfristene-for-vare-ferdighus\/#primaryimage"},"thumbnailUrl":"https:\/\/timberelement.se\/wp-content\/uploads\/2023\/06\/timberelement_maja-ja-terrass-.jpg","articleSection":["Uncategorized @no"],"inLanguage":"nb-NO"},{"@type":"WebPage","@id":"https:\/\/timberelement.se\/no\/uncategorized-no\/hvor-lange-er-produksjonsfristene-for-vare-ferdighus\/","url":"https:\/\/timberelement.se\/no\/uncategorized-no\/hvor-lange-er-produksjonsfristene-for-vare-ferdighus\/","name":"Hvor lange er produksjonsfristene for v\u00e5re ferdighus? | Timberelement","isPartOf":{"@id":"https:\/\/timberelement.se\/no\/#website"},"primaryImageOfPage":{"@id":"https:\/\/timberelement.se\/no\/uncategorized-no\/hvor-lange-er-produksjonsfristene-for-vare-ferdighus\/#primaryimage"},"image":{"@id":"https:\/\/timberelement.se\/no\/uncategorized-no\/hvor-lange-er-produksjonsfristene-for-vare-ferdighus\/#primaryimage"},"thumbnailUrl":"https:\/\/timberelement.se\/wp-content\/uploads\/2023\/06\/timberelement_maja-ja-terrass-.jpg","datePublished":"2023-08-01T11:26:13+00:00","dateModified":"2024-01-11T15:21:36+00:00","breadcrumb":{"@id":"https:\/\/timberelement.se\/no\/uncategorized-no\/hvor-lange-er-produksjonsfristene-for-vare-ferdighus\/#breadcrumb"},"inLanguage":"nb-NO","potentialAction":[{"@type":"ReadAction","target":["https:\/\/timberelement.se\/no\/uncategorized-no\/hvor-lange-er-produksjonsfristene-for-vare-ferdighus\/"]}]},{"@type":"ImageObject","inLanguage":"nb-NO","@id":"https:\/\/timberelement.se\/no\/uncategorized-no\/hvor-lange-er-produksjonsfristene-for-vare-ferdighus\/#primaryimage","url":"https:\/\/timberelement.se\/wp-content\/uploads\/2023\/06\/timberelement_maja-ja-terrass-.jpg","contentUrl":"https:\/\/timberelement.se\/wp-content\/uploads\/2023\/06\/timberelement_maja-ja-terrass-.jpg","width":1400,"height":844},{"@type":"BreadcrumbList","@id":"https:\/\/timberelement.se\/no\/uncategorized-no\/hvor-lange-er-produksjonsfristene-for-vare-ferdighus\/#breadcrumb","itemListElement":[{"@type":"ListItem","position":1,"name":"Hjemmeside","item":"https:\/\/timberelement.se\/no\/forsiden\/"},{"@type":"ListItem","position":2,"name":"Hvor lange er produksjonsfristene for v\u00e5re ferdighus?"}]},{"@type":"WebSite","@id":"https:\/\/timberelement.se\/no\/#website","url":"https:\/\/timberelement.se\/no\/","name":"Timberelement elementmajad","description":"Eesti elementmajad","publisher":{"@id":"https:\/\/timberelement.se\/no\/#organization"},"potentialAction":[{"@type":"SearchAction","target":{"@type":"EntryPoint","urlTemplate":"https:\/\/timberelement.se\/no\/?s={search_term_string}"},"query-input":{"@type":"PropertyValueSpecification","valueRequired":true,"valueName":"search_term_string"}}],"inLanguage":"nb-NO"},{"@type":"Organization","@id":"https:\/\/timberelement.se\/no\/#organization","name":"Timberelement O\u00dc","url":"https:\/\/timberelement.se\/no\/","logo":{"@type":"ImageObject","inLanguage":"nb-NO","@id":"https:\/\/timberelement.se\/no\/#\/schema\/logo\/image\/","url":"https:\/\/timberelement.se\/wp-content\/uploads\/2023\/06\/logo2018-1.png","contentUrl":"https:\/\/timberelement.se\/wp-content\/uploads\/2023\/06\/logo2018-1.png","width":2972,"height":1126,"caption":"Timberelement O\u00dc"},"image":{"@id":"https:\/\/timberelement.se\/no\/#\/schema\/logo\/image\/"},"sameAs":["https:\/\/www.facebook.com\/timberelement"]},{"@type":"Person","@id":"https:\/\/timberelement.se\/no\/#\/schema\/person\/fb0b24e8607834ffad8faf0e94dd95c5","name":"Rando","image":{"@type":"ImageObject","inLanguage":"nb-NO","@id":"https:\/\/timberelement.se\/no\/#\/schema\/person\/image\/","url":"https:\/\/secure.gravatar.com\/avatar\/828aa83fdda156141921ca8b4190e3fa?s=96&d=mm&r=g","contentUrl":"https:\/\/secure.gravatar.com\/avatar\/828aa83fdda156141921ca8b4190e3fa?s=96&d=mm&r=g","caption":"Rando"}}]}},"_links":{"self":[{"href":"https:\/\/timberelement.se\/no\/wp-json\/wp\/v2\/posts\/20960"}],"collection":[{"href":"https:\/\/timberelement.se\/no\/wp-json\/wp\/v2\/posts"}],"about":[{"href":"https:\/\/timberelement.se\/no\/wp-json\/wp\/v2\/types\/post"}],"author":[{"embeddable":true,"href":"https:\/\/timberelement.se\/no\/wp-json\/wp\/v2\/users\/4"}],"replies":[{"embeddable":true,"href":"https:\/\/timberelement.se\/no\/wp-json\/wp\/v2\/comments?post=20960"}],"version-history":[{"count":1,"href":"https:\/\/timberelement.se\/no\/wp-json\/wp\/v2\/posts\/20960\/revisions"}],"predecessor-version":[{"id":20961,"href":"https:\/\/timberelement.se\/no\/wp-json\/wp\/v2\/posts\/20960\/revisions\/20961"}],"wp:featuredmedia":[{"embeddable":true,"href":"https:\/\/timberelement.se\/no\/wp-json\/wp\/v2\/media\/18089"}],"wp:attachment":[{"href":"https:\/\/timberelement.se\/no\/wp-json\/wp\/v2\/media?parent=20960"}],"wp:term":[{"taxonomy":"category","embeddable":true,"href":"https:\/\/timberelement.se\/no\/wp-json\/wp\/v2\/categories?post=20960"},{"taxonomy":"post_tag","embeddable":true,"href":"https:\/\/timberelement.se\/no\/wp-json\/wp\/v2\/tags?post=20960"}],"curies":[{"name":"wp","href":"https:\/\/api.w.org\/{rel}","templated":true}]}}