{"id":20942,"date":"2023-08-01T14:23:03","date_gmt":"2023-08-01T11:23:03","guid":{"rendered":"https:\/\/timberelement.se\/?p=20942"},"modified":"2024-01-11T16:11:21","modified_gmt":"2024-01-11T14:11:21","slug":"velge-malt-tremateriale-velge-kledningsplater","status":"publish","type":"post","link":"https:\/\/timberelement.se\/no\/uncategorized-no\/velge-malt-tremateriale-velge-kledningsplater\/","title":{"rendered":"Velge malt tremateriale \u2013 Velge kledningsplater"},"content":{"rendered":"\n<h2 class=\"wp-block-heading\">Kledningsplater<\/h2>\n\n\n\n<p>N\u00e5r du bestiller kledningsplater, er det viktig \u00e5 vurdere kvaliteten du \u00f8nsker. For eksempel ved horisontal montering av kledningsplater kan halvlappsmateriale brukes, men ved vertikal montering er hellappsplater \u00e5 foretrekke. Jo mer presist du beskriver dine behov, jo bedre sluttresultat kan vi garantere for deg.<\/p>\n\n\n\n<p>Hvilken type kledningsplater tilbyr vi? Prim\u00e6rt omfatter v\u00e5rt utvalg gran, men det er alltid mulighet for \u00e5 bestille andre tresorter.<\/p>\n\n\n\n<p><strong>Vi tilbyr f\u00f8lgende trematerialer:<\/strong><\/p>\n\n\n\n<p>Grunnet\/malt kledningsplate Grunnet\/malt fasadeplate<\/p>\n\n\n\n<h2 class=\"wp-block-heading\">Malingssystemer<\/h2>\n\n\n\n<p>Malingssystemer er generelt like. Det f\u00f8rste laget er en tonet grunning eller impregneringsgrunning, etterfulgt av 1-2 lag med ugjennomsiktig maling. Grunningen p\u00e5f\u00f8res f\u00f8r den ugjennomsiktige malingen.<\/p>\n\n\n\n<p>For brannhemmende maling er det avgj\u00f8rende \u00e5 p\u00e5f\u00f8re riktig mengde brannhemmende maling. Avhengig av produsenten \u2013 Teknos, Holz-Prof eller Tikkurila \u2013 kan det v\u00e6re n\u00f8dvendig \u00e5 p\u00e5f\u00f8re ett eller tre str\u00f8k for \u00e5 sikre at mengden materiale oppfyller de n\u00f8dvendige standardene.<\/p>\n\n\n\n<h2 class=\"wp-block-heading\">Velge maling og farge<\/h2>\n\n\n\n<p>Vi bruker vannbasert maling til maling \u2013 Tikkurilla Valtti, Remmers Aqua HS\/L.<\/p>\n\n\n\n<p>Etter \u00e5 ha valgt malingsfarge, enten elektronisk eller fra et fysisk fargekort, er det lurt \u00e5 bestille en krukke med pr\u00f8vemaling for \u00e5 se om den valgte fargen er riktig og oppfyller dine forventninger.<\/p>\n\n\n\n<h2 class=\"wp-block-heading\">Velge antall lag<\/h2>\n\n\n\n<p>For ugjennomsiktig maling og utvendige produkter er det ikke avgj\u00f8rende om du velger en enkel eller dobbel overflatebehandling, da den endelige etterbehandlingen av kledningsplaten alltid vil inkludere et ekstra lag p\u00e5f\u00f8rt p\u00e5 stedet. Imidlertid vil materiale malt to ganger p\u00e5 fabrikken uten tvil forbli friskt lenger enn om tre str\u00f8k p\u00e5f\u00f8res p\u00e5 stedet, og vedlikeholdsintervallet vil bli forlenget.<\/p>\n","protected":false},"excerpt":{"rendered":"<p>Kledningsplater N\u00e5r du bestiller kledningsplater, er det viktig \u00e5 vurdere kvaliteten du \u00f8nsker. For eksempel ved horisontal montering av kledningsplater kan halvlappsmateriale brukes, men ved vertikal montering er hellappsplater \u00e5 foretrekke. Jo mer presist du beskriver dine behov, jo bedre sluttresultat kan vi garantere for deg. Hvilken type kledningsplater tilbyr vi? Prim\u00e6rt omfatter v\u00e5rt utvalg [&hellip;]<\/p>\n","protected":false},"author":4,"featured_media":20943,"comment_status":"closed","ping_status":"closed","sticky":false,"template":"","format":"standard","meta":{"footnotes":""},"categories":[1146],"tags":[],"class_list":["post-20942","post","type-post","status-publish","format-standard","has-post-thumbnail","hentry","category-uncategorized-no"],"acf":[],"yoast_head":"<!-- This site is optimized with the Yoast SEO plugin v23.8 - https:\/\/yoast.com\/wordpress\/plugins\/seo\/ -->\n<title>Velge malt tremateriale \u2013 Velge kledningsplater | Timberelement<\/title>\n<meta name=\"robots\" content=\"index, follow, max-snippet:-1, max-image-preview:large, max-video-preview:-1\" \/>\n<link rel=\"canonical\" href=\"https:\/\/timberelement.se\/no\/uncategorized-no\/velge-malt-tremateriale-velge-kledningsplater\/\" \/>\n<meta property=\"og:locale\" content=\"nb_NO\" \/>\n<meta property=\"og:type\" content=\"article\" \/>\n<meta property=\"og:title\" content=\"Velge malt tremateriale \u2013 Velge kledningsplater | Timberelement\" \/>\n<meta property=\"og:description\" content=\"Kledningsplater N\u00e5r du bestiller kledningsplater, er det viktig \u00e5 vurdere kvaliteten du \u00f8nsker. For eksempel ved horisontal montering av kledningsplater kan halvlappsmateriale brukes, men ved vertikal montering er hellappsplater \u00e5 foretrekke. Jo mer presist du beskriver dine behov, jo bedre sluttresultat kan vi garantere for deg. Hvilken type kledningsplater tilbyr vi? Prim\u00e6rt omfatter v\u00e5rt utvalg [&hellip;]\" \/>\n<meta property=\"og:url\" content=\"https:\/\/timberelement.se\/no\/uncategorized-no\/velge-malt-tremateriale-velge-kledningsplater\/\" \/>\n<meta property=\"og:site_name\" content=\"Timberelement\" \/>\n<meta property=\"article:publisher\" content=\"https:\/\/www.facebook.com\/timberelement\" \/>\n<meta property=\"article:published_time\" content=\"2023-08-01T11:23:03+00:00\" \/>\n<meta property=\"article:modified_time\" content=\"2024-01-11T14:11:21+00:00\" \/>\n<meta property=\"og:image\" content=\"https:\/\/timberelement.se\/wp-content\/uploads\/2024\/01\/timberelement-voodrilaud.jpg\" \/>\n\t<meta property=\"og:image:width\" content=\"1400\" \/>\n\t<meta property=\"og:image:height\" content=\"844\" \/>\n\t<meta property=\"og:image:type\" content=\"image\/jpeg\" \/>\n<meta name=\"author\" content=\"Rando\" \/>\n<meta name=\"twitter:card\" content=\"summary_large_image\" \/>\n<meta name=\"twitter:label1\" content=\"Skrevet av\" \/>\n\t<meta name=\"twitter:data1\" content=\"Rando\" \/>\n\t<meta name=\"twitter:label2\" content=\"Ansl. lesetid\" \/>\n\t<meta name=\"twitter:data2\" content=\"2 minutter\" \/>\n<script type=\"application\/ld+json\" class=\"yoast-schema-graph\">{\"@context\":\"https:\/\/schema.org\",\"@graph\":[{\"@type\":\"Article\",\"@id\":\"https:\/\/timberelement.se\/no\/uncategorized-no\/velge-malt-tremateriale-velge-kledningsplater\/#article\",\"isPartOf\":{\"@id\":\"https:\/\/timberelement.se\/no\/uncategorized-no\/velge-malt-tremateriale-velge-kledningsplater\/\"},\"author\":{\"name\":\"Rando\",\"@id\":\"https:\/\/timberelement.se\/no\/#\/schema\/person\/fb0b24e8607834ffad8faf0e94dd95c5\"},\"headline\":\"Velge malt tremateriale \u2013 Velge kledningsplater\",\"datePublished\":\"2023-08-01T11:23:03+00:00\",\"dateModified\":\"2024-01-11T14:11:21+00:00\",\"mainEntityOfPage\":{\"@id\":\"https:\/\/timberelement.se\/no\/uncategorized-no\/velge-malt-tremateriale-velge-kledningsplater\/\"},\"wordCount\":273,\"publisher\":{\"@id\":\"https:\/\/timberelement.se\/no\/#organization\"},\"image\":{\"@id\":\"https:\/\/timberelement.se\/no\/uncategorized-no\/velge-malt-tremateriale-velge-kledningsplater\/#primaryimage\"},\"thumbnailUrl\":\"https:\/\/timberelement.se\/wp-content\/uploads\/2024\/01\/timberelement-voodrilaud.jpg\",\"articleSection\":[\"Uncategorized @no\"],\"inLanguage\":\"nb-NO\"},{\"@type\":\"WebPage\",\"@id\":\"https:\/\/timberelement.se\/no\/uncategorized-no\/velge-malt-tremateriale-velge-kledningsplater\/\",\"url\":\"https:\/\/timberelement.se\/no\/uncategorized-no\/velge-malt-tremateriale-velge-kledningsplater\/\",\"name\":\"Velge malt tremateriale \u2013 Velge kledningsplater | Timberelement\",\"isPartOf\":{\"@id\":\"https:\/\/timberelement.se\/no\/#website\"},\"primaryImageOfPage\":{\"@id\":\"https:\/\/timberelement.se\/no\/uncategorized-no\/velge-malt-tremateriale-velge-kledningsplater\/#primaryimage\"},\"image\":{\"@id\":\"https:\/\/timberelement.se\/no\/uncategorized-no\/velge-malt-tremateriale-velge-kledningsplater\/#primaryimage\"},\"thumbnailUrl\":\"https:\/\/timberelement.se\/wp-content\/uploads\/2024\/01\/timberelement-voodrilaud.jpg\",\"datePublished\":\"2023-08-01T11:23:03+00:00\",\"dateModified\":\"2024-01-11T14:11:21+00:00\",\"breadcrumb\":{\"@id\":\"https:\/\/timberelement.se\/no\/uncategorized-no\/velge-malt-tremateriale-velge-kledningsplater\/#breadcrumb\"},\"inLanguage\":\"nb-NO\",\"potentialAction\":[{\"@type\":\"ReadAction\",\"target\":[\"https:\/\/timberelement.se\/no\/uncategorized-no\/velge-malt-tremateriale-velge-kledningsplater\/\"]}]},{\"@type\":\"ImageObject\",\"inLanguage\":\"nb-NO\",\"@id\":\"https:\/\/timberelement.se\/no\/uncategorized-no\/velge-malt-tremateriale-velge-kledningsplater\/#primaryimage\",\"url\":\"https:\/\/timberelement.se\/wp-content\/uploads\/2024\/01\/timberelement-voodrilaud.jpg\",\"contentUrl\":\"https:\/\/timberelement.se\/wp-content\/uploads\/2024\/01\/timberelement-voodrilaud.jpg\",\"width\":1400,\"height\":844},{\"@type\":\"BreadcrumbList\",\"@id\":\"https:\/\/timberelement.se\/no\/uncategorized-no\/velge-malt-tremateriale-velge-kledningsplater\/#breadcrumb\",\"itemListElement\":[{\"@type\":\"ListItem\",\"position\":1,\"name\":\"Hjemmeside\",\"item\":\"https:\/\/timberelement.se\/no\/forsiden\/\"},{\"@type\":\"ListItem\",\"position\":2,\"name\":\"Velge malt tremateriale \u2013 Velge kledningsplater\"}]},{\"@type\":\"WebSite\",\"@id\":\"https:\/\/timberelement.se\/no\/#website\",\"url\":\"https:\/\/timberelement.se\/no\/\",\"name\":\"Timberelement elementmajad\",\"description\":\"Eesti elementmajad\",\"publisher\":{\"@id\":\"https:\/\/timberelement.se\/no\/#organization\"},\"potentialAction\":[{\"@type\":\"SearchAction\",\"target\":{\"@type\":\"EntryPoint\",\"urlTemplate\":\"https:\/\/timberelement.se\/no\/?s={search_term_string}\"},\"query-input\":{\"@type\":\"PropertyValueSpecification\",\"valueRequired\":true,\"valueName\":\"search_term_string\"}}],\"inLanguage\":\"nb-NO\"},{\"@type\":\"Organization\",\"@id\":\"https:\/\/timberelement.se\/no\/#organization\",\"name\":\"Timberelement O\u00dc\",\"url\":\"https:\/\/timberelement.se\/no\/\",\"logo\":{\"@type\":\"ImageObject\",\"inLanguage\":\"nb-NO\",\"@id\":\"https:\/\/timberelement.se\/no\/#\/schema\/logo\/image\/\",\"url\":\"https:\/\/timberelement.se\/wp-content\/uploads\/2023\/06\/logo2018-1.png\",\"contentUrl\":\"https:\/\/timberelement.se\/wp-content\/uploads\/2023\/06\/logo2018-1.png\",\"width\":2972,\"height\":1126,\"caption\":\"Timberelement O\u00dc\"},\"image\":{\"@id\":\"https:\/\/timberelement.se\/no\/#\/schema\/logo\/image\/\"},\"sameAs\":[\"https:\/\/www.facebook.com\/timberelement\"]},{\"@type\":\"Person\",\"@id\":\"https:\/\/timberelement.se\/no\/#\/schema\/person\/fb0b24e8607834ffad8faf0e94dd95c5\",\"name\":\"Rando\",\"image\":{\"@type\":\"ImageObject\",\"inLanguage\":\"nb-NO\",\"@id\":\"https:\/\/timberelement.se\/no\/#\/schema\/person\/image\/\",\"url\":\"https:\/\/secure.gravatar.com\/avatar\/828aa83fdda156141921ca8b4190e3fa?s=96&d=mm&r=g\",\"contentUrl\":\"https:\/\/secure.gravatar.com\/avatar\/828aa83fdda156141921ca8b4190e3fa?s=96&d=mm&r=g\",\"caption\":\"Rando\"}}]}<\/script>\n<!-- \/ Yoast SEO plugin. -->","yoast_head_json":{"title":"Velge malt tremateriale \u2013 Velge kledningsplater | Timberelement","robots":{"index":"index","follow":"follow","max-snippet":"max-snippet:-1","max-image-preview":"max-image-preview:large","max-video-preview":"max-video-preview:-1"},"canonical":"https:\/\/timberelement.se\/no\/uncategorized-no\/velge-malt-tremateriale-velge-kledningsplater\/","og_locale":"nb_NO","og_type":"article","og_title":"Velge malt tremateriale \u2013 Velge kledningsplater | Timberelement","og_description":"Kledningsplater N\u00e5r du bestiller kledningsplater, er det viktig \u00e5 vurdere kvaliteten du \u00f8nsker. For eksempel ved horisontal montering av kledningsplater kan halvlappsmateriale brukes, men ved vertikal montering er hellappsplater \u00e5 foretrekke. Jo mer presist du beskriver dine behov, jo bedre sluttresultat kan vi garantere for deg. Hvilken type kledningsplater tilbyr vi? Prim\u00e6rt omfatter v\u00e5rt utvalg [&hellip;]","og_url":"https:\/\/timberelement.se\/no\/uncategorized-no\/velge-malt-tremateriale-velge-kledningsplater\/","og_site_name":"Timberelement","article_publisher":"https:\/\/www.facebook.com\/timberelement","article_published_time":"2023-08-01T11:23:03+00:00","article_modified_time":"2024-01-11T14:11:21+00:00","og_image":[{"width":1400,"height":844,"url":"https:\/\/timberelement.se\/wp-content\/uploads\/2024\/01\/timberelement-voodrilaud.jpg","type":"image\/jpeg"}],"author":"Rando","twitter_card":"summary_large_image","twitter_misc":{"Skrevet av":"Rando","Ansl. lesetid":"2 minutter"},"schema":{"@context":"https:\/\/schema.org","@graph":[{"@type":"Article","@id":"https:\/\/timberelement.se\/no\/uncategorized-no\/velge-malt-tremateriale-velge-kledningsplater\/#article","isPartOf":{"@id":"https:\/\/timberelement.se\/no\/uncategorized-no\/velge-malt-tremateriale-velge-kledningsplater\/"},"author":{"name":"Rando","@id":"https:\/\/timberelement.se\/no\/#\/schema\/person\/fb0b24e8607834ffad8faf0e94dd95c5"},"headline":"Velge malt tremateriale \u2013 Velge kledningsplater","datePublished":"2023-08-01T11:23:03+00:00","dateModified":"2024-01-11T14:11:21+00:00","mainEntityOfPage":{"@id":"https:\/\/timberelement.se\/no\/uncategorized-no\/velge-malt-tremateriale-velge-kledningsplater\/"},"wordCount":273,"publisher":{"@id":"https:\/\/timberelement.se\/no\/#organization"},"image":{"@id":"https:\/\/timberelement.se\/no\/uncategorized-no\/velge-malt-tremateriale-velge-kledningsplater\/#primaryimage"},"thumbnailUrl":"https:\/\/timberelement.se\/wp-content\/uploads\/2024\/01\/timberelement-voodrilaud.jpg","articleSection":["Uncategorized @no"],"inLanguage":"nb-NO"},{"@type":"WebPage","@id":"https:\/\/timberelement.se\/no\/uncategorized-no\/velge-malt-tremateriale-velge-kledningsplater\/","url":"https:\/\/timberelement.se\/no\/uncategorized-no\/velge-malt-tremateriale-velge-kledningsplater\/","name":"Velge malt tremateriale \u2013 Velge kledningsplater | Timberelement","isPartOf":{"@id":"https:\/\/timberelement.se\/no\/#website"},"primaryImageOfPage":{"@id":"https:\/\/timberelement.se\/no\/uncategorized-no\/velge-malt-tremateriale-velge-kledningsplater\/#primaryimage"},"image":{"@id":"https:\/\/timberelement.se\/no\/uncategorized-no\/velge-malt-tremateriale-velge-kledningsplater\/#primaryimage"},"thumbnailUrl":"https:\/\/timberelement.se\/wp-content\/uploads\/2024\/01\/timberelement-voodrilaud.jpg","datePublished":"2023-08-01T11:23:03+00:00","dateModified":"2024-01-11T14:11:21+00:00","breadcrumb":{"@id":"https:\/\/timberelement.se\/no\/uncategorized-no\/velge-malt-tremateriale-velge-kledningsplater\/#breadcrumb"},"inLanguage":"nb-NO","potentialAction":[{"@type":"ReadAction","target":["https:\/\/timberelement.se\/no\/uncategorized-no\/velge-malt-tremateriale-velge-kledningsplater\/"]}]},{"@type":"ImageObject","inLanguage":"nb-NO","@id":"https:\/\/timberelement.se\/no\/uncategorized-no\/velge-malt-tremateriale-velge-kledningsplater\/#primaryimage","url":"https:\/\/timberelement.se\/wp-content\/uploads\/2024\/01\/timberelement-voodrilaud.jpg","contentUrl":"https:\/\/timberelement.se\/wp-content\/uploads\/2024\/01\/timberelement-voodrilaud.jpg","width":1400,"height":844},{"@type":"BreadcrumbList","@id":"https:\/\/timberelement.se\/no\/uncategorized-no\/velge-malt-tremateriale-velge-kledningsplater\/#breadcrumb","itemListElement":[{"@type":"ListItem","position":1,"name":"Hjemmeside","item":"https:\/\/timberelement.se\/no\/forsiden\/"},{"@type":"ListItem","position":2,"name":"Velge malt tremateriale \u2013 Velge kledningsplater"}]},{"@type":"WebSite","@id":"https:\/\/timberelement.se\/no\/#website","url":"https:\/\/timberelement.se\/no\/","name":"Timberelement elementmajad","description":"Eesti elementmajad","publisher":{"@id":"https:\/\/timberelement.se\/no\/#organization"},"potentialAction":[{"@type":"SearchAction","target":{"@type":"EntryPoint","urlTemplate":"https:\/\/timberelement.se\/no\/?s={search_term_string}"},"query-input":{"@type":"PropertyValueSpecification","valueRequired":true,"valueName":"search_term_string"}}],"inLanguage":"nb-NO"},{"@type":"Organization","@id":"https:\/\/timberelement.se\/no\/#organization","name":"Timberelement O\u00dc","url":"https:\/\/timberelement.se\/no\/","logo":{"@type":"ImageObject","inLanguage":"nb-NO","@id":"https:\/\/timberelement.se\/no\/#\/schema\/logo\/image\/","url":"https:\/\/timberelement.se\/wp-content\/uploads\/2023\/06\/logo2018-1.png","contentUrl":"https:\/\/timberelement.se\/wp-content\/uploads\/2023\/06\/logo2018-1.png","width":2972,"height":1126,"caption":"Timberelement O\u00dc"},"image":{"@id":"https:\/\/timberelement.se\/no\/#\/schema\/logo\/image\/"},"sameAs":["https:\/\/www.facebook.com\/timberelement"]},{"@type":"Person","@id":"https:\/\/timberelement.se\/no\/#\/schema\/person\/fb0b24e8607834ffad8faf0e94dd95c5","name":"Rando","image":{"@type":"ImageObject","inLanguage":"nb-NO","@id":"https:\/\/timberelement.se\/no\/#\/schema\/person\/image\/","url":"https:\/\/secure.gravatar.com\/avatar\/828aa83fdda156141921ca8b4190e3fa?s=96&d=mm&r=g","contentUrl":"https:\/\/secure.gravatar.com\/avatar\/828aa83fdda156141921ca8b4190e3fa?s=96&d=mm&r=g","caption":"Rando"}}]}},"_links":{"self":[{"href":"https:\/\/timberelement.se\/no\/wp-json\/wp\/v2\/posts\/20942"}],"collection":[{"href":"https:\/\/timberelement.se\/no\/wp-json\/wp\/v2\/posts"}],"about":[{"href":"https:\/\/timberelement.se\/no\/wp-json\/wp\/v2\/types\/post"}],"author":[{"embeddable":true,"href":"https:\/\/timberelement.se\/no\/wp-json\/wp\/v2\/users\/4"}],"replies":[{"embeddable":true,"href":"https:\/\/timberelement.se\/no\/wp-json\/wp\/v2\/comments?post=20942"}],"version-history":[{"count":1,"href":"https:\/\/timberelement.se\/no\/wp-json\/wp\/v2\/posts\/20942\/revisions"}],"predecessor-version":[{"id":20947,"href":"https:\/\/timberelement.se\/no\/wp-json\/wp\/v2\/posts\/20942\/revisions\/20947"}],"wp:featuredmedia":[{"embeddable":true,"href":"https:\/\/timberelement.se\/no\/wp-json\/wp\/v2\/media\/20943"}],"wp:attachment":[{"href":"https:\/\/timberelement.se\/no\/wp-json\/wp\/v2\/media?parent=20942"}],"wp:term":[{"taxonomy":"category","embeddable":true,"href":"https:\/\/timberelement.se\/no\/wp-json\/wp\/v2\/categories?post=20942"},{"taxonomy":"post_tag","embeddable":true,"href":"https:\/\/timberelement.se\/no\/wp-json\/wp\/v2\/tags?post=20942"}],"curies":[{"name":"wp","href":"https:\/\/api.w.org\/{rel}","templated":true}]}}